{"id":778,"date":"2022-04-16T12:58:34","date_gmt":"2022-04-16T10:58:34","guid":{"rendered":"https:\/\/praxis-hochdoerffer.de\/praxis\/?p=778"},"modified":"2024-11-14T21:49:01","modified_gmt":"2024-11-14T20:49:01","slug":"rauchentwoehnung","status":"publish","type":"post","link":"https:\/\/praxis-hochdoerffer.de\/praxis\/2022\/04\/16\/rauchentwoehnung\/778\/","title":{"rendered":"Rauchentw\u00f6hnung"},"content":{"rendered":"<iframe src=\"https:\/\/praxis-hochdoerffer.de\/praxis\/wp-content\/plugins\/pdfv\/web\/viewer.php?pdffile=\/praxis\/wp-content\/uploads\/2022\/04\/Raucherentwoehnung.pdf\" style=\"width:100%; height:100vh; border-style: hidden; resize: both; max-height: 100vh; max-width: 100vw;\">Ladefehler!<\/iframe>\n\n\n\n<p><a href=\"https:\/\/li.praxis-hochdoerffer.de\/?c=thYRSbMf\" target=\"_blank\" rel=\"noreferrer noopener nofollow\">Schutz der Familie vor Tabakrauch (DKFZ Heidelberg)<\/a><\/p>\n","protected":false},"excerpt":{"rendered":"<p>Schutz der Familie vor Tabakrauch (DKFZ Heidelberg)<\/p>\n","protected":false},"author":2,"featured_media":0,"comment_status":"open","ping_status":"closed","sticky":false,"template":"","format":"standard","meta":{"inline_featured_image":false,"footnotes":""},"categories":[14,15],"tags":[],"class_list":["post-778","post","type-post","status-publish","format-standard","hentry","category-medizinische-themen","category-rauchen"],"yoast_head":"<!-- This site is optimized with the Yoast SEO plugin v27.4 - https:\/\/yoast.com\/product\/yoast-seo-wordpress\/ -->\n<title>Rauchentw\u00f6hnung &#183; Praxis Hochd\u00f6rffer<\/title>\n<meta name=\"description\" content=\"Rauchentw\u00f6hnung &#183; 1\" \/>\n<meta name=\"robots\" content=\"index, follow, max-snippet:-1, max-image-preview:large, max-video-preview:-1\" \/>\n<link rel=\"canonical\" href=\"https:\/\/praxis-hochdoerffer.de\/praxis\/2022\/04\/16\/rauchentwoehnung\/778\/\" \/>\n<meta property=\"og:locale\" content=\"de_DE\" \/>\n<meta property=\"og:type\" content=\"article\" \/>\n<meta property=\"og:title\" content=\"Rauchentw\u00f6hnung &#183; Praxis Hochd\u00f6rffer\" \/>\n<meta property=\"og:description\" content=\"Rauchentw\u00f6hnung &#183; 1\" \/>\n<meta property=\"og:url\" content=\"https:\/\/praxis-hochdoerffer.de\/praxis\/2022\/04\/16\/rauchentwoehnung\/778\/\" \/>\n<meta property=\"og:site_name\" content=\"Praxis Hochd\u00f6rffer\" \/>\n<meta property=\"article:published_time\" content=\"2022-04-16T10:58:34+00:00\" \/>\n<meta property=\"article:modified_time\" content=\"2024-11-14T20:49:01+00:00\" \/>\n<meta property=\"og:image\" content=\"https:\/\/praxis-hochdoerffer.de\/praxis\/wp-content\/uploads\/2021\/06\/cropped-iconh.png\" \/>\n\t<meta property=\"og:image:width\" content=\"512\" \/>\n\t<meta property=\"og:image:height\" content=\"512\" \/>\n\t<meta property=\"og:image:type\" content=\"image\/png\" \/>\n<meta name=\"author\" content=\"Dr. Rico Hochd\u00f6rffer\" \/>\n<meta name=\"twitter:card\" content=\"summary_large_image\" \/>\n<meta name=\"twitter:label1\" content=\"Verfasst von\" \/>\n\t<meta name=\"twitter:data1\" content=\"Dr. Rico Hochd\u00f6rffer\" \/>\n\t<meta name=\"twitter:label2\" content=\"Gesch\u00e4tzte Lesezeit\" \/>\n\t<meta name=\"twitter:data2\" content=\"1\u00a0Minute\" \/>\n<script type=\"application\/ld+json\" class=\"yoast-schema-graph\">{\"@context\":\"https:\\\/\\\/schema.org\",\"@graph\":[{\"@type\":\"Article\",\"@id\":\"https:\\\/\\\/praxis-hochdoerffer.de\\\/praxis\\\/2022\\\/04\\\/16\\\/rauchentwoehnung\\\/778\\\/#article\",\"isPartOf\":{\"@id\":\"https:\\\/\\\/praxis-hochdoerffer.de\\\/praxis\\\/2022\\\/04\\\/16\\\/rauchentwoehnung\\\/778\\\/\"},\"author\":{\"name\":\"Dr. Rico Hochd\u00f6rffer\",\"@id\":\"https:\\\/\\\/praxis-hochdoerffer.de\\\/praxis\\\/#\\\/schema\\\/person\\\/3c49c11b5c9037a20a842835e9e919f0\"},\"headline\":\"Rauchentw\u00f6hnung\",\"datePublished\":\"2022-04-16T10:58:34+00:00\",\"dateModified\":\"2024-11-14T20:49:01+00:00\",\"mainEntityOfPage\":{\"@id\":\"https:\\\/\\\/praxis-hochdoerffer.de\\\/praxis\\\/2022\\\/04\\\/16\\\/rauchentwoehnung\\\/778\\\/\"},\"wordCount\":16,\"commentCount\":0,\"publisher\":{\"@id\":\"https:\\\/\\\/praxis-hochdoerffer.de\\\/praxis\\\/#organization\"},\"articleSection\":[\"Medizinische Themen\",\"Rauchen\"],\"inLanguage\":\"de\",\"potentialAction\":[{\"@type\":\"CommentAction\",\"name\":\"Comment\",\"target\":[\"https:\\\/\\\/praxis-hochdoerffer.de\\\/praxis\\\/2022\\\/04\\\/16\\\/rauchentwoehnung\\\/778\\\/#respond\"]}]},{\"@type\":[\"WebPage\",\"MedicalWebPage\"],\"@id\":\"https:\\\/\\\/praxis-hochdoerffer.de\\\/praxis\\\/2022\\\/04\\\/16\\\/rauchentwoehnung\\\/778\\\/\",\"url\":\"https:\\\/\\\/praxis-hochdoerffer.de\\\/praxis\\\/2022\\\/04\\\/16\\\/rauchentwoehnung\\\/778\\\/\",\"name\":\"Rauchentw\u00f6hnung &#183; Praxis Hochd\u00f6rffer\",\"isPartOf\":{\"@id\":\"https:\\\/\\\/praxis-hochdoerffer.de\\\/praxis\\\/#website\"},\"datePublished\":\"2022-04-16T10:58:34+00:00\",\"dateModified\":\"2024-11-14T20:49:01+00:00\",\"description\":\"Rauchentw\u00f6hnung &#183; 1\",\"breadcrumb\":{\"@id\":\"https:\\\/\\\/praxis-hochdoerffer.de\\\/praxis\\\/2022\\\/04\\\/16\\\/rauchentwoehnung\\\/778\\\/#breadcrumb\"},\"inLanguage\":\"de\",\"potentialAction\":[{\"@type\":\"ReadAction\",\"target\":[\"https:\\\/\\\/praxis-hochdoerffer.de\\\/praxis\\\/2022\\\/04\\\/16\\\/rauchentwoehnung\\\/778\\\/\"]}]},{\"@type\":\"BreadcrumbList\",\"@id\":\"https:\\\/\\\/praxis-hochdoerffer.de\\\/praxis\\\/2022\\\/04\\\/16\\\/rauchentwoehnung\\\/778\\\/#breadcrumb\",\"itemListElement\":[{\"@type\":\"ListItem\",\"position\":1,\"name\":\"Startseite\",\"item\":\"https:\\\/\\\/praxis-hochdoerffer.de\\\/praxis\\\/\"},{\"@type\":\"ListItem\",\"position\":2,\"name\":\"Rauchentw\u00f6hnung\"}]},{\"@type\":\"WebSite\",\"@id\":\"https:\\\/\\\/praxis-hochdoerffer.de\\\/praxis\\\/#website\",\"url\":\"https:\\\/\\\/praxis-hochdoerffer.de\\\/praxis\\\/\",\"name\":\"Praxis Hochd\u00f6rffer\",\"description\":\"Haus\u00e4rztlich internistische Praxis Hochd\u00f6rffer\",\"publisher\":{\"@id\":\"https:\\\/\\\/praxis-hochdoerffer.de\\\/praxis\\\/#organization\"},\"potentialAction\":[{\"@type\":\"SearchAction\",\"target\":{\"@type\":\"EntryPoint\",\"urlTemplate\":\"https:\\\/\\\/praxis-hochdoerffer.de\\\/praxis\\\/?s={search_term_string}\"},\"query-input\":{\"@type\":\"PropertyValueSpecification\",\"valueRequired\":true,\"valueName\":\"search_term_string\"}}],\"inLanguage\":\"de\"},{\"@type\":\"Organization\",\"@id\":\"https:\\\/\\\/praxis-hochdoerffer.de\\\/praxis\\\/#organization\",\"name\":\"Praxis Hochd\u00f6rffer\",\"url\":\"https:\\\/\\\/praxis-hochdoerffer.de\\\/praxis\\\/\",\"logo\":{\"@type\":\"ImageObject\",\"inLanguage\":\"de\",\"@id\":\"https:\\\/\\\/praxis-hochdoerffer.de\\\/praxis\\\/#\\\/schema\\\/logo\\\/image\\\/\",\"url\":\"https:\\\/\\\/praxis-hochdoerffer.de\\\/praxis\\\/wp-content\\\/uploads\\\/2021\\\/06\\\/cropped-iconh.png\",\"contentUrl\":\"https:\\\/\\\/praxis-hochdoerffer.de\\\/praxis\\\/wp-content\\\/uploads\\\/2021\\\/06\\\/cropped-iconh.png\",\"width\":512,\"height\":512,\"caption\":\"Praxis Hochd\u00f6rffer\"},\"image\":{\"@id\":\"https:\\\/\\\/praxis-hochdoerffer.de\\\/praxis\\\/#\\\/schema\\\/logo\\\/image\\\/\"}},{\"@type\":\"Person\",\"@id\":\"https:\\\/\\\/praxis-hochdoerffer.de\\\/praxis\\\/#\\\/schema\\\/person\\\/3c49c11b5c9037a20a842835e9e919f0\",\"name\":\"Dr. Rico Hochd\u00f6rffer\",\"image\":{\"@type\":\"ImageObject\",\"inLanguage\":\"de\",\"@id\":\"https:\\\/\\\/secure.gravatar.com\\\/avatar\\\/ce6cd4e3265e619ecf9ec3e51ba4592d559317644b96b364bb5126282fe25ab3?s=96&d=identicon&r=g\",\"url\":\"https:\\\/\\\/secure.gravatar.com\\\/avatar\\\/ce6cd4e3265e619ecf9ec3e51ba4592d559317644b96b364bb5126282fe25ab3?s=96&d=identicon&r=g\",\"contentUrl\":\"https:\\\/\\\/secure.gravatar.com\\\/avatar\\\/ce6cd4e3265e619ecf9ec3e51ba4592d559317644b96b364bb5126282fe25ab3?s=96&d=identicon&r=g\",\"caption\":\"Dr. Rico Hochd\u00f6rffer\"},\"sameAs\":[\"https:\\\/\\\/praxis-hochdoerffer.de\\\/\"],\"url\":\"https:\\\/\\\/praxis-hochdoerffer.de\\\/praxis\\\/author\\\/ricoh\\\/\"}]}<\/script>\n<!-- \/ Yoast SEO plugin. -->","yoast_head_json":{"title":"Rauchentw\u00f6hnung &#183; Praxis Hochd\u00f6rffer","description":"Rauchentw\u00f6hnung &#183; 1","robots":{"index":"index","follow":"follow","max-snippet":"max-snippet:-1","max-image-preview":"max-image-preview:large","max-video-preview":"max-video-preview:-1"},"canonical":"https:\/\/praxis-hochdoerffer.de\/praxis\/2022\/04\/16\/rauchentwoehnung\/778\/","og_locale":"de_DE","og_type":"article","og_title":"Rauchentw\u00f6hnung &#183; Praxis Hochd\u00f6rffer","og_description":"Rauchentw\u00f6hnung &#183; 1","og_url":"https:\/\/praxis-hochdoerffer.de\/praxis\/2022\/04\/16\/rauchentwoehnung\/778\/","og_site_name":"Praxis Hochd\u00f6rffer","article_published_time":"2022-04-16T10:58:34+00:00","article_modified_time":"2024-11-14T20:49:01+00:00","og_image":[{"width":512,"height":512,"url":"https:\/\/praxis-hochdoerffer.de\/praxis\/wp-content\/uploads\/2021\/06\/cropped-iconh.png","type":"image\/png"}],"author":"Dr. Rico Hochd\u00f6rffer","twitter_card":"summary_large_image","twitter_misc":{"Verfasst von":"Dr. Rico Hochd\u00f6rffer","Gesch\u00e4tzte Lesezeit":"1\u00a0Minute"},"schema":{"@context":"https:\/\/schema.org","@graph":[{"@type":"Article","@id":"https:\/\/praxis-hochdoerffer.de\/praxis\/2022\/04\/16\/rauchentwoehnung\/778\/#article","isPartOf":{"@id":"https:\/\/praxis-hochdoerffer.de\/praxis\/2022\/04\/16\/rauchentwoehnung\/778\/"},"author":{"name":"Dr. Rico Hochd\u00f6rffer","@id":"https:\/\/praxis-hochdoerffer.de\/praxis\/#\/schema\/person\/3c49c11b5c9037a20a842835e9e919f0"},"headline":"Rauchentw\u00f6hnung","datePublished":"2022-04-16T10:58:34+00:00","dateModified":"2024-11-14T20:49:01+00:00","mainEntityOfPage":{"@id":"https:\/\/praxis-hochdoerffer.de\/praxis\/2022\/04\/16\/rauchentwoehnung\/778\/"},"wordCount":16,"commentCount":0,"publisher":{"@id":"https:\/\/praxis-hochdoerffer.de\/praxis\/#organization"},"articleSection":["Medizinische Themen","Rauchen"],"inLanguage":"de","potentialAction":[{"@type":"CommentAction","name":"Comment","target":["https:\/\/praxis-hochdoerffer.de\/praxis\/2022\/04\/16\/rauchentwoehnung\/778\/#respond"]}]},{"@type":["WebPage","MedicalWebPage"],"@id":"https:\/\/praxis-hochdoerffer.de\/praxis\/2022\/04\/16\/rauchentwoehnung\/778\/","url":"https:\/\/praxis-hochdoerffer.de\/praxis\/2022\/04\/16\/rauchentwoehnung\/778\/","name":"Rauchentw\u00f6hnung &#183; Praxis Hochd\u00f6rffer","isPartOf":{"@id":"https:\/\/praxis-hochdoerffer.de\/praxis\/#website"},"datePublished":"2022-04-16T10:58:34+00:00","dateModified":"2024-11-14T20:49:01+00:00","description":"Rauchentw\u00f6hnung &#183; 1","breadcrumb":{"@id":"https:\/\/praxis-hochdoerffer.de\/praxis\/2022\/04\/16\/rauchentwoehnung\/778\/#breadcrumb"},"inLanguage":"de","potentialAction":[{"@type":"ReadAction","target":["https:\/\/praxis-hochdoerffer.de\/praxis\/2022\/04\/16\/rauchentwoehnung\/778\/"]}]},{"@type":"BreadcrumbList","@id":"https:\/\/praxis-hochdoerffer.de\/praxis\/2022\/04\/16\/rauchentwoehnung\/778\/#breadcrumb","itemListElement":[{"@type":"ListItem","position":1,"name":"Startseite","item":"https:\/\/praxis-hochdoerffer.de\/praxis\/"},{"@type":"ListItem","position":2,"name":"Rauchentw\u00f6hnung"}]},{"@type":"WebSite","@id":"https:\/\/praxis-hochdoerffer.de\/praxis\/#website","url":"https:\/\/praxis-hochdoerffer.de\/praxis\/","name":"Praxis Hochd\u00f6rffer","description":"Haus\u00e4rztlich internistische Praxis Hochd\u00f6rffer","publisher":{"@id":"https:\/\/praxis-hochdoerffer.de\/praxis\/#organization"},"potentialAction":[{"@type":"SearchAction","target":{"@type":"EntryPoint","urlTemplate":"https:\/\/praxis-hochdoerffer.de\/praxis\/?s={search_term_string}"},"query-input":{"@type":"PropertyValueSpecification","valueRequired":true,"valueName":"search_term_string"}}],"inLanguage":"de"},{"@type":"Organization","@id":"https:\/\/praxis-hochdoerffer.de\/praxis\/#organization","name":"Praxis Hochd\u00f6rffer","url":"https:\/\/praxis-hochdoerffer.de\/praxis\/","logo":{"@type":"ImageObject","inLanguage":"de","@id":"https:\/\/praxis-hochdoerffer.de\/praxis\/#\/schema\/logo\/image\/","url":"https:\/\/praxis-hochdoerffer.de\/praxis\/wp-content\/uploads\/2021\/06\/cropped-iconh.png","contentUrl":"https:\/\/praxis-hochdoerffer.de\/praxis\/wp-content\/uploads\/2021\/06\/cropped-iconh.png","width":512,"height":512,"caption":"Praxis Hochd\u00f6rffer"},"image":{"@id":"https:\/\/praxis-hochdoerffer.de\/praxis\/#\/schema\/logo\/image\/"}},{"@type":"Person","@id":"https:\/\/praxis-hochdoerffer.de\/praxis\/#\/schema\/person\/3c49c11b5c9037a20a842835e9e919f0","name":"Dr. Rico Hochd\u00f6rffer","image":{"@type":"ImageObject","inLanguage":"de","@id":"https:\/\/secure.gravatar.com\/avatar\/ce6cd4e3265e619ecf9ec3e51ba4592d559317644b96b364bb5126282fe25ab3?s=96&d=identicon&r=g","url":"https:\/\/secure.gravatar.com\/avatar\/ce6cd4e3265e619ecf9ec3e51ba4592d559317644b96b364bb5126282fe25ab3?s=96&d=identicon&r=g","contentUrl":"https:\/\/secure.gravatar.com\/avatar\/ce6cd4e3265e619ecf9ec3e51ba4592d559317644b96b364bb5126282fe25ab3?s=96&d=identicon&r=g","caption":"Dr. Rico Hochd\u00f6rffer"},"sameAs":["https:\/\/praxis-hochdoerffer.de\/"],"url":"https:\/\/praxis-hochdoerffer.de\/praxis\/author\/ricoh\/"}]}},"_links":{"self":[{"href":"https:\/\/praxis-hochdoerffer.de\/praxis\/wp-json\/wp\/v2\/posts\/778","targetHints":{"allow":["GET"]}}],"collection":[{"href":"https:\/\/praxis-hochdoerffer.de\/praxis\/wp-json\/wp\/v2\/posts"}],"about":[{"href":"https:\/\/praxis-hochdoerffer.de\/praxis\/wp-json\/wp\/v2\/types\/post"}],"author":[{"embeddable":true,"href":"https:\/\/praxis-hochdoerffer.de\/praxis\/wp-json\/wp\/v2\/users\/2"}],"replies":[{"embeddable":true,"href":"https:\/\/praxis-hochdoerffer.de\/praxis\/wp-json\/wp\/v2\/comments?post=778"}],"version-history":[{"count":10,"href":"https:\/\/praxis-hochdoerffer.de\/praxis\/wp-json\/wp\/v2\/posts\/778\/revisions"}],"predecessor-version":[{"id":1091,"href":"https:\/\/praxis-hochdoerffer.de\/praxis\/wp-json\/wp\/v2\/posts\/778\/revisions\/1091"}],"wp:attachment":[{"href":"https:\/\/praxis-hochdoerffer.de\/praxis\/wp-json\/wp\/v2\/media?parent=778"}],"wp:term":[{"taxonomy":"category","embeddable":true,"href":"https:\/\/praxis-hochdoerffer.de\/praxis\/wp-json\/wp\/v2\/categories?post=778"},{"taxonomy":"post_tag","embeddable":true,"href":"https:\/\/praxis-hochdoerffer.de\/praxis\/wp-json\/wp\/v2\/tags?post=778"}],"curies":[{"name":"wp","href":"https:\/\/api.w.org\/{rel}","templated":true}]}}