{"id":1126,"date":"2026-02-25T21:02:17","date_gmt":"2026-02-25T20:02:17","guid":{"rendered":"https:\/\/praxis-hochdoerffer.de\/praxis\/?p=1126"},"modified":"2026-03-01T15:27:01","modified_gmt":"2026-03-01T14:27:01","slug":"medizinische-fachkraft-mfa-krankenschwester-ab-sofort-ab-20-25-h-woche","status":"publish","type":"post","link":"https:\/\/praxis-hochdoerffer.de\/praxis\/2026\/02\/25\/medizinische-fachkraft-mfa-krankenschwester-ab-sofort-ab-20-25-h-woche\/1126\/","title":{"rendered":"Medizinische Fachkraft (MFA)\/Krankenschwester ab sofort ab 20 \u2013 25 h\/Woche"},"content":{"rendered":"\n<h4 class=\"wp-block-heading\">Wir w\u00fcnschen uns von Ihnen:<\/h4>\n\n\n\n<ul class=\"wp-block-list\">\n<li>Motivation im Beruf<\/li>\n\n\n\n<li>Flexibilit\u00e4t<\/li>\n\n\n\n<li>Teamf\u00e4higkeit, Empathie<\/li>\n\n\n\n<li>Basiskenntnisse in PC<\/li>\n<\/ul>\n\n\n\n<h4 class=\"wp-block-heading\">Ihre Aufgaben umfassen:<\/h4>\n\n\n\n<ul class=\"wp-block-list\">\n<li>Aufnahme\/Annahme von Patienten<\/li>\n\n\n\n<li>Telefonische Kommunikation mit Patienten<\/li>\n\n\n\n<li>ambulante Versorgung von Patienten im haus\u00e4rztlichen Bereich (Impfungen, Messung Vitalparameter, Laborentnahmen (ggf. auch nach Einarbeitung)<\/li>\n\n\n\n<li>Terminabsprachen<\/li>\n<\/ul>\n\n\n\n<h4 class=\"wp-block-heading\">Unsere Leistungen:<\/h4>\n\n\n\n<ul class=\"wp-block-list\">\n<li>Gute Verg\u00fctung (nach individueller Absprache)<\/li>\n\n\n\n<li>vielseitiges T\u00e4tigkeitsspektrum<\/li>\n\n\n\n<li>gutes Arbeitsklima<\/li>\n\n\n\n<li>Familienfreundlichkeit<\/li>\n\n\n\n<li>verbindliche Urlaubsplanung<\/li>\n\n\n\n<li>innerbetriebliche Fortbildung sowie au\u00dferbetriebliche Fortbildungsm\u00f6glichkeiten<\/li>\n\n\n\n<li>Freie Wochenenden sowie 2 freie Nachmittage\/Woche (Mi und Fr)<\/li>\n<\/ul>\n\n\n\n<p class=\"has-text-align-center\">Wenn Sie sich angesprochen f\u00fchlen, freuen wir uns, von Ihnen zu h\u00f6ren.<br>Praxis Hochd\u00f6rffer<\/p>\n\n\n\n<p class=\"has-text-align-center\">Mail: <a href=\"mailto:rico.hochdoerffer@praxis-hochdoerffer.de\">praxis@praxis-hochdoerffer.de<\/a><\/p>\n","protected":false},"excerpt":{"rendered":"<p>Wir w\u00fcnschen uns von Ihnen: Ihre Aufgaben umfassen: Unsere Leistungen: Wenn Sie sich angesprochen f\u00fchlen, freuen wir uns, von Ihnen zu h\u00f6ren.Praxis Hochd\u00f6rffer Mail: praxis@praxis-hochdoerffer.de<\/p>\n","protected":false},"author":2,"featured_media":0,"comment_status":"open","ping_status":"closed","sticky":false,"template":"","format":"standard","meta":{"inline_featured_image":false,"footnotes":""},"categories":[19],"tags":[],"class_list":["post-1126","post","type-post","status-publish","format-standard","hentry","category-stellenanzeige"],"yoast_head":"<!-- This site is optimized with the Yoast SEO plugin v27.4 - https:\/\/yoast.com\/product\/yoast-seo-wordpress\/ -->\n<title>Medizinische Fachkraft (MFA)\/Krankenschwester ab sofort ab 20 \u2013 25 h\/Woche &#183; Praxis Hochd\u00f6rffer<\/title>\n<meta name=\"description\" content=\"Medizinische Fachkraft (MFA)\/Krankenschwester ab sofort ab 20 \u2013 25 h\/Woche &#183; 1\" \/>\n<meta name=\"robots\" content=\"index, follow, max-snippet:-1, max-image-preview:large, max-video-preview:-1\" \/>\n<link rel=\"canonical\" href=\"https:\/\/praxis-hochdoerffer.de\/praxis\/2026\/02\/25\/medizinische-fachkraft-mfa-krankenschwester-ab-sofort-ab-20-25-h-woche\/1126\/\" \/>\n<meta property=\"og:locale\" content=\"de_DE\" \/>\n<meta property=\"og:type\" content=\"article\" \/>\n<meta property=\"og:title\" content=\"Medizinische Fachkraft (MFA)\/Krankenschwester ab sofort ab 20 \u2013 25 h\/Woche &#183; Praxis Hochd\u00f6rffer\" \/>\n<meta property=\"og:description\" content=\"Medizinische Fachkraft (MFA)\/Krankenschwester ab sofort ab 20 \u2013 25 h\/Woche &#183; 1\" \/>\n<meta property=\"og:url\" content=\"https:\/\/praxis-hochdoerffer.de\/praxis\/2026\/02\/25\/medizinische-fachkraft-mfa-krankenschwester-ab-sofort-ab-20-25-h-woche\/1126\/\" \/>\n<meta property=\"og:site_name\" content=\"Praxis Hochd\u00f6rffer\" \/>\n<meta property=\"article:published_time\" content=\"2026-02-25T20:02:17+00:00\" \/>\n<meta property=\"article:modified_time\" content=\"2026-03-01T14:27:01+00:00\" \/>\n<meta property=\"og:image\" content=\"https:\/\/praxis-hochdoerffer.de\/praxis\/wp-content\/uploads\/2021\/06\/cropped-iconh.png\" \/>\n\t<meta property=\"og:image:width\" content=\"512\" \/>\n\t<meta property=\"og:image:height\" content=\"512\" \/>\n\t<meta property=\"og:image:type\" content=\"image\/png\" \/>\n<meta name=\"author\" content=\"Dr. Rico Hochd\u00f6rffer\" \/>\n<meta name=\"twitter:card\" content=\"summary_large_image\" \/>\n<meta name=\"twitter:label1\" content=\"Verfasst von\" \/>\n\t<meta name=\"twitter:data1\" content=\"Dr. Rico Hochd\u00f6rffer\" \/>\n<script type=\"application\/ld+json\" class=\"yoast-schema-graph\">{\"@context\":\"https:\\\/\\\/schema.org\",\"@graph\":[{\"@type\":\"Article\",\"@id\":\"https:\\\/\\\/praxis-hochdoerffer.de\\\/praxis\\\/2026\\\/02\\\/25\\\/medizinische-fachkraft-mfa-krankenschwester-ab-sofort-ab-20-25-h-woche\\\/1126\\\/#article\",\"isPartOf\":{\"@id\":\"https:\\\/\\\/praxis-hochdoerffer.de\\\/praxis\\\/2026\\\/02\\\/25\\\/medizinische-fachkraft-mfa-krankenschwester-ab-sofort-ab-20-25-h-woche\\\/1126\\\/\"},\"author\":{\"name\":\"Dr. Rico Hochd\u00f6rffer\",\"@id\":\"https:\\\/\\\/praxis-hochdoerffer.de\\\/praxis\\\/#\\\/schema\\\/person\\\/3c49c11b5c9037a20a842835e9e919f0\"},\"headline\":\"Medizinische Fachkraft (MFA)\\\/Krankenschwester ab sofort ab 20 \u2013 25 h\\\/Woche\",\"datePublished\":\"2026-02-25T20:02:17+00:00\",\"dateModified\":\"2026-03-01T14:27:01+00:00\",\"mainEntityOfPage\":{\"@id\":\"https:\\\/\\\/praxis-hochdoerffer.de\\\/praxis\\\/2026\\\/02\\\/25\\\/medizinische-fachkraft-mfa-krankenschwester-ab-sofort-ab-20-25-h-woche\\\/1126\\\/\"},\"wordCount\":107,\"commentCount\":0,\"publisher\":{\"@id\":\"https:\\\/\\\/praxis-hochdoerffer.de\\\/praxis\\\/#organization\"},\"articleSection\":[\"Stellenanzeige\"],\"inLanguage\":\"de\",\"potentialAction\":[{\"@type\":\"CommentAction\",\"name\":\"Comment\",\"target\":[\"https:\\\/\\\/praxis-hochdoerffer.de\\\/praxis\\\/2026\\\/02\\\/25\\\/medizinische-fachkraft-mfa-krankenschwester-ab-sofort-ab-20-25-h-woche\\\/1126\\\/#respond\"]}]},{\"@type\":[\"WebPage\",\"MedicalWebPage\"],\"@id\":\"https:\\\/\\\/praxis-hochdoerffer.de\\\/praxis\\\/2026\\\/02\\\/25\\\/medizinische-fachkraft-mfa-krankenschwester-ab-sofort-ab-20-25-h-woche\\\/1126\\\/\",\"url\":\"https:\\\/\\\/praxis-hochdoerffer.de\\\/praxis\\\/2026\\\/02\\\/25\\\/medizinische-fachkraft-mfa-krankenschwester-ab-sofort-ab-20-25-h-woche\\\/1126\\\/\",\"name\":\"Medizinische Fachkraft (MFA)\\\/Krankenschwester ab sofort ab 20 \u2013 25 h\\\/Woche &#183; Praxis Hochd\u00f6rffer\",\"isPartOf\":{\"@id\":\"https:\\\/\\\/praxis-hochdoerffer.de\\\/praxis\\\/#website\"},\"datePublished\":\"2026-02-25T20:02:17+00:00\",\"dateModified\":\"2026-03-01T14:27:01+00:00\",\"description\":\"Medizinische Fachkraft (MFA)\\\/Krankenschwester ab sofort ab 20 \u2013 25 h\\\/Woche &#183; 1\",\"breadcrumb\":{\"@id\":\"https:\\\/\\\/praxis-hochdoerffer.de\\\/praxis\\\/2026\\\/02\\\/25\\\/medizinische-fachkraft-mfa-krankenschwester-ab-sofort-ab-20-25-h-woche\\\/1126\\\/#breadcrumb\"},\"inLanguage\":\"de\",\"potentialAction\":[{\"@type\":\"ReadAction\",\"target\":[\"https:\\\/\\\/praxis-hochdoerffer.de\\\/praxis\\\/2026\\\/02\\\/25\\\/medizinische-fachkraft-mfa-krankenschwester-ab-sofort-ab-20-25-h-woche\\\/1126\\\/\"]}]},{\"@type\":\"BreadcrumbList\",\"@id\":\"https:\\\/\\\/praxis-hochdoerffer.de\\\/praxis\\\/2026\\\/02\\\/25\\\/medizinische-fachkraft-mfa-krankenschwester-ab-sofort-ab-20-25-h-woche\\\/1126\\\/#breadcrumb\",\"itemListElement\":[{\"@type\":\"ListItem\",\"position\":1,\"name\":\"Startseite\",\"item\":\"https:\\\/\\\/praxis-hochdoerffer.de\\\/praxis\\\/\"},{\"@type\":\"ListItem\",\"position\":2,\"name\":\"Medizinische Fachkraft (MFA)\\\/Krankenschwester ab sofort ab 20 \u2013 25 h\\\/Woche\"}]},{\"@type\":\"WebSite\",\"@id\":\"https:\\\/\\\/praxis-hochdoerffer.de\\\/praxis\\\/#website\",\"url\":\"https:\\\/\\\/praxis-hochdoerffer.de\\\/praxis\\\/\",\"name\":\"Praxis Hochd\u00f6rffer\",\"description\":\"Haus\u00e4rztlich internistische Praxis Hochd\u00f6rffer\",\"publisher\":{\"@id\":\"https:\\\/\\\/praxis-hochdoerffer.de\\\/praxis\\\/#organization\"},\"potentialAction\":[{\"@type\":\"SearchAction\",\"target\":{\"@type\":\"EntryPoint\",\"urlTemplate\":\"https:\\\/\\\/praxis-hochdoerffer.de\\\/praxis\\\/?s={search_term_string}\"},\"query-input\":{\"@type\":\"PropertyValueSpecification\",\"valueRequired\":true,\"valueName\":\"search_term_string\"}}],\"inLanguage\":\"de\"},{\"@type\":\"Organization\",\"@id\":\"https:\\\/\\\/praxis-hochdoerffer.de\\\/praxis\\\/#organization\",\"name\":\"Praxis Hochd\u00f6rffer\",\"url\":\"https:\\\/\\\/praxis-hochdoerffer.de\\\/praxis\\\/\",\"logo\":{\"@type\":\"ImageObject\",\"inLanguage\":\"de\",\"@id\":\"https:\\\/\\\/praxis-hochdoerffer.de\\\/praxis\\\/#\\\/schema\\\/logo\\\/image\\\/\",\"url\":\"https:\\\/\\\/praxis-hochdoerffer.de\\\/praxis\\\/wp-content\\\/uploads\\\/2021\\\/06\\\/cropped-iconh.png\",\"contentUrl\":\"https:\\\/\\\/praxis-hochdoerffer.de\\\/praxis\\\/wp-content\\\/uploads\\\/2021\\\/06\\\/cropped-iconh.png\",\"width\":512,\"height\":512,\"caption\":\"Praxis Hochd\u00f6rffer\"},\"image\":{\"@id\":\"https:\\\/\\\/praxis-hochdoerffer.de\\\/praxis\\\/#\\\/schema\\\/logo\\\/image\\\/\"}},{\"@type\":\"Person\",\"@id\":\"https:\\\/\\\/praxis-hochdoerffer.de\\\/praxis\\\/#\\\/schema\\\/person\\\/3c49c11b5c9037a20a842835e9e919f0\",\"name\":\"Dr. Rico Hochd\u00f6rffer\",\"image\":{\"@type\":\"ImageObject\",\"inLanguage\":\"de\",\"@id\":\"https:\\\/\\\/secure.gravatar.com\\\/avatar\\\/ce6cd4e3265e619ecf9ec3e51ba4592d559317644b96b364bb5126282fe25ab3?s=96&d=identicon&r=g\",\"url\":\"https:\\\/\\\/secure.gravatar.com\\\/avatar\\\/ce6cd4e3265e619ecf9ec3e51ba4592d559317644b96b364bb5126282fe25ab3?s=96&d=identicon&r=g\",\"contentUrl\":\"https:\\\/\\\/secure.gravatar.com\\\/avatar\\\/ce6cd4e3265e619ecf9ec3e51ba4592d559317644b96b364bb5126282fe25ab3?s=96&d=identicon&r=g\",\"caption\":\"Dr. Rico Hochd\u00f6rffer\"},\"sameAs\":[\"https:\\\/\\\/praxis-hochdoerffer.de\\\/\"],\"url\":\"https:\\\/\\\/praxis-hochdoerffer.de\\\/praxis\\\/author\\\/ricoh\\\/\"}]}<\/script>\n<!-- \/ Yoast SEO plugin. -->","yoast_head_json":{"title":"Medizinische Fachkraft (MFA)\/Krankenschwester ab sofort ab 20 \u2013 25 h\/Woche &#183; Praxis Hochd\u00f6rffer","description":"Medizinische Fachkraft (MFA)\/Krankenschwester ab sofort ab 20 \u2013 25 h\/Woche &#183; 1","robots":{"index":"index","follow":"follow","max-snippet":"max-snippet:-1","max-image-preview":"max-image-preview:large","max-video-preview":"max-video-preview:-1"},"canonical":"https:\/\/praxis-hochdoerffer.de\/praxis\/2026\/02\/25\/medizinische-fachkraft-mfa-krankenschwester-ab-sofort-ab-20-25-h-woche\/1126\/","og_locale":"de_DE","og_type":"article","og_title":"Medizinische Fachkraft (MFA)\/Krankenschwester ab sofort ab 20 \u2013 25 h\/Woche &#183; Praxis Hochd\u00f6rffer","og_description":"Medizinische Fachkraft (MFA)\/Krankenschwester ab sofort ab 20 \u2013 25 h\/Woche &#183; 1","og_url":"https:\/\/praxis-hochdoerffer.de\/praxis\/2026\/02\/25\/medizinische-fachkraft-mfa-krankenschwester-ab-sofort-ab-20-25-h-woche\/1126\/","og_site_name":"Praxis Hochd\u00f6rffer","article_published_time":"2026-02-25T20:02:17+00:00","article_modified_time":"2026-03-01T14:27:01+00:00","og_image":[{"width":512,"height":512,"url":"https:\/\/praxis-hochdoerffer.de\/praxis\/wp-content\/uploads\/2021\/06\/cropped-iconh.png","type":"image\/png"}],"author":"Dr. Rico Hochd\u00f6rffer","twitter_card":"summary_large_image","twitter_misc":{"Verfasst von":"Dr. Rico Hochd\u00f6rffer"},"schema":{"@context":"https:\/\/schema.org","@graph":[{"@type":"Article","@id":"https:\/\/praxis-hochdoerffer.de\/praxis\/2026\/02\/25\/medizinische-fachkraft-mfa-krankenschwester-ab-sofort-ab-20-25-h-woche\/1126\/#article","isPartOf":{"@id":"https:\/\/praxis-hochdoerffer.de\/praxis\/2026\/02\/25\/medizinische-fachkraft-mfa-krankenschwester-ab-sofort-ab-20-25-h-woche\/1126\/"},"author":{"name":"Dr. Rico Hochd\u00f6rffer","@id":"https:\/\/praxis-hochdoerffer.de\/praxis\/#\/schema\/person\/3c49c11b5c9037a20a842835e9e919f0"},"headline":"Medizinische Fachkraft (MFA)\/Krankenschwester ab sofort ab 20 \u2013 25 h\/Woche","datePublished":"2026-02-25T20:02:17+00:00","dateModified":"2026-03-01T14:27:01+00:00","mainEntityOfPage":{"@id":"https:\/\/praxis-hochdoerffer.de\/praxis\/2026\/02\/25\/medizinische-fachkraft-mfa-krankenschwester-ab-sofort-ab-20-25-h-woche\/1126\/"},"wordCount":107,"commentCount":0,"publisher":{"@id":"https:\/\/praxis-hochdoerffer.de\/praxis\/#organization"},"articleSection":["Stellenanzeige"],"inLanguage":"de","potentialAction":[{"@type":"CommentAction","name":"Comment","target":["https:\/\/praxis-hochdoerffer.de\/praxis\/2026\/02\/25\/medizinische-fachkraft-mfa-krankenschwester-ab-sofort-ab-20-25-h-woche\/1126\/#respond"]}]},{"@type":["WebPage","MedicalWebPage"],"@id":"https:\/\/praxis-hochdoerffer.de\/praxis\/2026\/02\/25\/medizinische-fachkraft-mfa-krankenschwester-ab-sofort-ab-20-25-h-woche\/1126\/","url":"https:\/\/praxis-hochdoerffer.de\/praxis\/2026\/02\/25\/medizinische-fachkraft-mfa-krankenschwester-ab-sofort-ab-20-25-h-woche\/1126\/","name":"Medizinische Fachkraft (MFA)\/Krankenschwester ab sofort ab 20 \u2013 25 h\/Woche &#183; Praxis Hochd\u00f6rffer","isPartOf":{"@id":"https:\/\/praxis-hochdoerffer.de\/praxis\/#website"},"datePublished":"2026-02-25T20:02:17+00:00","dateModified":"2026-03-01T14:27:01+00:00","description":"Medizinische Fachkraft (MFA)\/Krankenschwester ab sofort ab 20 \u2013 25 h\/Woche &#183; 1","breadcrumb":{"@id":"https:\/\/praxis-hochdoerffer.de\/praxis\/2026\/02\/25\/medizinische-fachkraft-mfa-krankenschwester-ab-sofort-ab-20-25-h-woche\/1126\/#breadcrumb"},"inLanguage":"de","potentialAction":[{"@type":"ReadAction","target":["https:\/\/praxis-hochdoerffer.de\/praxis\/2026\/02\/25\/medizinische-fachkraft-mfa-krankenschwester-ab-sofort-ab-20-25-h-woche\/1126\/"]}]},{"@type":"BreadcrumbList","@id":"https:\/\/praxis-hochdoerffer.de\/praxis\/2026\/02\/25\/medizinische-fachkraft-mfa-krankenschwester-ab-sofort-ab-20-25-h-woche\/1126\/#breadcrumb","itemListElement":[{"@type":"ListItem","position":1,"name":"Startseite","item":"https:\/\/praxis-hochdoerffer.de\/praxis\/"},{"@type":"ListItem","position":2,"name":"Medizinische Fachkraft (MFA)\/Krankenschwester ab sofort ab 20 \u2013 25 h\/Woche"}]},{"@type":"WebSite","@id":"https:\/\/praxis-hochdoerffer.de\/praxis\/#website","url":"https:\/\/praxis-hochdoerffer.de\/praxis\/","name":"Praxis Hochd\u00f6rffer","description":"Haus\u00e4rztlich internistische Praxis Hochd\u00f6rffer","publisher":{"@id":"https:\/\/praxis-hochdoerffer.de\/praxis\/#organization"},"potentialAction":[{"@type":"SearchAction","target":{"@type":"EntryPoint","urlTemplate":"https:\/\/praxis-hochdoerffer.de\/praxis\/?s={search_term_string}"},"query-input":{"@type":"PropertyValueSpecification","valueRequired":true,"valueName":"search_term_string"}}],"inLanguage":"de"},{"@type":"Organization","@id":"https:\/\/praxis-hochdoerffer.de\/praxis\/#organization","name":"Praxis Hochd\u00f6rffer","url":"https:\/\/praxis-hochdoerffer.de\/praxis\/","logo":{"@type":"ImageObject","inLanguage":"de","@id":"https:\/\/praxis-hochdoerffer.de\/praxis\/#\/schema\/logo\/image\/","url":"https:\/\/praxis-hochdoerffer.de\/praxis\/wp-content\/uploads\/2021\/06\/cropped-iconh.png","contentUrl":"https:\/\/praxis-hochdoerffer.de\/praxis\/wp-content\/uploads\/2021\/06\/cropped-iconh.png","width":512,"height":512,"caption":"Praxis Hochd\u00f6rffer"},"image":{"@id":"https:\/\/praxis-hochdoerffer.de\/praxis\/#\/schema\/logo\/image\/"}},{"@type":"Person","@id":"https:\/\/praxis-hochdoerffer.de\/praxis\/#\/schema\/person\/3c49c11b5c9037a20a842835e9e919f0","name":"Dr. Rico Hochd\u00f6rffer","image":{"@type":"ImageObject","inLanguage":"de","@id":"https:\/\/secure.gravatar.com\/avatar\/ce6cd4e3265e619ecf9ec3e51ba4592d559317644b96b364bb5126282fe25ab3?s=96&d=identicon&r=g","url":"https:\/\/secure.gravatar.com\/avatar\/ce6cd4e3265e619ecf9ec3e51ba4592d559317644b96b364bb5126282fe25ab3?s=96&d=identicon&r=g","contentUrl":"https:\/\/secure.gravatar.com\/avatar\/ce6cd4e3265e619ecf9ec3e51ba4592d559317644b96b364bb5126282fe25ab3?s=96&d=identicon&r=g","caption":"Dr. Rico Hochd\u00f6rffer"},"sameAs":["https:\/\/praxis-hochdoerffer.de\/"],"url":"https:\/\/praxis-hochdoerffer.de\/praxis\/author\/ricoh\/"}]}},"_links":{"self":[{"href":"https:\/\/praxis-hochdoerffer.de\/praxis\/wp-json\/wp\/v2\/posts\/1126","targetHints":{"allow":["GET"]}}],"collection":[{"href":"https:\/\/praxis-hochdoerffer.de\/praxis\/wp-json\/wp\/v2\/posts"}],"about":[{"href":"https:\/\/praxis-hochdoerffer.de\/praxis\/wp-json\/wp\/v2\/types\/post"}],"author":[{"embeddable":true,"href":"https:\/\/praxis-hochdoerffer.de\/praxis\/wp-json\/wp\/v2\/users\/2"}],"replies":[{"embeddable":true,"href":"https:\/\/praxis-hochdoerffer.de\/praxis\/wp-json\/wp\/v2\/comments?post=1126"}],"version-history":[{"count":2,"href":"https:\/\/praxis-hochdoerffer.de\/praxis\/wp-json\/wp\/v2\/posts\/1126\/revisions"}],"predecessor-version":[{"id":1129,"href":"https:\/\/praxis-hochdoerffer.de\/praxis\/wp-json\/wp\/v2\/posts\/1126\/revisions\/1129"}],"wp:attachment":[{"href":"https:\/\/praxis-hochdoerffer.de\/praxis\/wp-json\/wp\/v2\/media?parent=1126"}],"wp:term":[{"taxonomy":"category","embeddable":true,"href":"https:\/\/praxis-hochdoerffer.de\/praxis\/wp-json\/wp\/v2\/categories?post=1126"},{"taxonomy":"post_tag","embeddable":true,"href":"https:\/\/praxis-hochdoerffer.de\/praxis\/wp-json\/wp\/v2\/tags?post=1126"}],"curies":[{"name":"wp","href":"https:\/\/api.w.org\/{rel}","templated":true}]}}